{"id":13809,"date":"2019-07-03T00:00:00","date_gmt":"2019-07-03T00:00:00","guid":{"rendered":"https:\/\/flex.com\/news\/how-autonomous-driving-will-change-your-commute"},"modified":"2023-10-02T23:16:32","modified_gmt":"2023-10-02T23:16:32","slug":"how-autonomous-driving-will-change-your-commute","status":"publish","type":"news","link":"https:\/\/flex.com\/es\/news\/how-autonomous-driving-will-change-your-commute","title":{"rendered":"C\u00f3mo la conducci\u00f3n aut\u00f3noma cambiar\u00e1 tus desplazamientos"},"template":"","categories":[35],"class_list":["post-13809","news","type-news","status-publish","hentry","category-automotive"],"acf":[],"_links":{"self":[{"href":"https:\/\/flex.com\/es\/wp-json\/wp\/v2\/news\/13809","targetHints":{"allow":["GET"]}}],"collection":[{"href":"https:\/\/flex.com\/es\/wp-json\/wp\/v2\/news"}],"about":[{"href":"https:\/\/flex.com\/es\/wp-json\/wp\/v2\/types\/news"}],"version-history":[{"count":0,"href":"https:\/\/flex.com\/es\/wp-json\/wp\/v2\/news\/13809\/revisions"}],"wp:attachment":[{"href":"https:\/\/flex.com\/es\/wp-json\/wp\/v2\/media?parent=13809"}],"wp:term":[{"taxonomy":"category","embeddable":true,"href":"https:\/\/flex.com\/es\/wp-json\/wp\/v2\/categories?post=13809"}],"curies":[{"name":"gracias","href":"https:\/\/api.w.org\/{rel}","templated":true}]}}